{"id":1654,"date":"2023-12-18T18:49:56","date_gmt":"2023-12-18T17:49:56","guid":{"rendered":"https:\/\/campinglaforetdumorvan.com\/?p=1654"},"modified":"2023-12-19T12:59:11","modified_gmt":"2023-12-19T11:59:11","slug":"kom-nog-even-bij-het-kampvuur-zitten","status":"publish","type":"post","link":"https:\/\/campinglaforetdumorvan.com\/fr\/kom-nog-even-bij-het-kampvuur-zitten\/","title":{"rendered":"Venez vous asseoir pr\u00e8s du feu de camp pour un moment encore !"},"content":{"rendered":"<div data-elementor-type=\"wp-post\" data-elementor-id=\"1654\" class=\"elementor elementor-1654\" data-elementor-post-type=\"post\">\n\t\t\t\t\t\t<section class=\"elementor-section elementor-top-section elementor-element elementor-element-2661e81 elementor-section-boxed elementor-section-height-default elementor-section-height-default\" data-id=\"2661e81\" data-element_type=\"section\" data-e-type=\"section\">\n\t\t\t\t\t\t<div class=\"elementor-container elementor-column-gap-default\">\n\t\t\t\t\t<div class=\"elementor-column elementor-col-100 elementor-top-column elementor-element elementor-element-5f2a068f\" data-id=\"5f2a068f\" data-element_type=\"column\" data-e-type=\"column\">\n\t\t\t<div class=\"elementor-widget-wrap elementor-element-populated\">\n\t\t\t\t\t\t<div class=\"elementor-element elementor-element-19c791d9 elementor-widget elementor-widget-text-editor\" data-id=\"19c791d9\" data-element_type=\"widget\" data-e-type=\"widget\" data-widget_type=\"text-editor.default\">\n\t\t\t\t<div class=\"elementor-widget-container\">\n\t\t\t\t\t\t\t\t\t\n<p><\/p>\n\n\n\n<figure class=\"wp-block-video\"><video height=\"480\" style=\"aspect-ratio: 854 \/ 480;\" width=\"854\" controls src=\"https:\/\/campinglaforetdumorvan.com\/wp-content\/uploads\/2023\/08\/2023.mp4\"><\/video><\/figure>\n\n\n\n<p class=\"translation-block\">Tous les lundis soirs au camping.<br>\nVolley-ball et feu de camp avec des petits pains et des chamallows.<br>\nEt il y a toujours quelqu'un avec une guitare ou un ukul\u00e9l\u00e9.<br><br>On peut donc chanter ensemble au coin du feu.<\/p>\n\n\n\n<p class=\"translation-block\">Chaque jour, il y a quelque chose d'amusant \u00e0 faire au camping : football, conduite de tracteur, jeux d'eau, disco pour enfants, etc., etc., regardez dans nos albums photos<br>\n<a href=\"https:\/\/www.flickr.com\/photos\/147192622@N05\/albums\/\" target=\"_self\">https:\/\/www.flickr.com\/photos\/147192622@N05\/albums\/<\/a><br><\/p>\n\n\n\n<p><\/p>\n\t\t\t\t\t\t\t\t<\/div>\n\t\t\t\t<\/div>\n\t\t\t\t\t<\/div>\n\t\t<\/div>\n\t\t\t\t\t<\/div>\n\t\t<\/section>\n\t\t\t\t<\/div>","protected":false},"excerpt":{"rendered":"<p>Elke maandagavond op de camping.Volleybal en kampvuur met broodjes en marsmallows.En er is altijd wel iemand die een gitaar of een ukelele mee heeft. Dus gezellig samen zingen bij het vuur. Zo is er elke dag iets leuks te doen op de camping, voetballen, trekkerritje, waterspelen, kinderdisco, enz, enz, kijk maar eens in onze foto [&hellip;]<\/p>\n","protected":false},"author":2,"featured_media":1658,"comment_status":"closed","ping_status":"open","sticky":false,"template":"","format":"standard","meta":{"footnotes":""},"categories":[1],"tags":[],"class_list":["post-1654","post","type-post","status-publish","format-standard","has-post-thumbnail","hentry","category-geen-categorie"],"yoast_head":"<!-- This site is optimized with the Yoast SEO plugin v26.5 - https:\/\/yoast.com\/wordpress\/plugins\/seo\/ -->\n<title>Kom nog even bij het kampvuur zitten! - Camping La For\u00eat du Morvan<\/title>\n<meta name=\"robots\" content=\"index, follow, max-snippet:-1, max-image-preview:large, max-video-preview:-1\" \/>\n<link rel=\"canonical\" href=\"https:\/\/campinglaforetdumorvan.com\/fr\/kom-nog-even-bij-het-kampvuur-zitten\/\" \/>\n<meta property=\"og:locale\" content=\"fr_FR\" \/>\n<meta property=\"og:type\" content=\"article\" \/>\n<meta property=\"og:title\" content=\"Kom nog even bij het kampvuur zitten! - Camping La For\u00eat du Morvan\" \/>\n<meta property=\"og:description\" content=\"Elke maandagavond op de camping.Volleybal en kampvuur met broodjes en marsmallows.En er is altijd wel iemand die een gitaar of een ukelele mee heeft. Dus gezellig samen zingen bij het vuur. Zo is er elke dag iets leuks te doen op de camping, voetballen, trekkerritje, waterspelen, kinderdisco, enz, enz, kijk maar eens in onze foto [&hellip;]\" \/>\n<meta property=\"og:url\" content=\"https:\/\/campinglaforetdumorvan.com\/fr\/kom-nog-even-bij-het-kampvuur-zitten\/\" \/>\n<meta property=\"og:site_name\" content=\"Camping La For\u00eat du Morvan\" \/>\n<meta property=\"article:published_time\" content=\"2023-12-18T17:49:56+00:00\" \/>\n<meta property=\"article:modified_time\" content=\"2023-12-19T11:59:11+00:00\" \/>\n<meta property=\"og:image\" content=\"https:\/\/campinglaforetdumorvan.com\/wp-content\/uploads\/2023\/12\/20230724_223221.jpg\" \/>\n\t<meta property=\"og:image:width\" content=\"1024\" \/>\n\t<meta property=\"og:image:height\" content=\"768\" \/>\n\t<meta property=\"og:image:type\" content=\"image\/jpeg\" \/>\n<meta name=\"author\" content=\"Joke Hoekstra\" \/>\n<meta name=\"twitter:card\" content=\"summary_large_image\" \/>\n<meta name=\"twitter:label1\" content=\"\u00c9crit par\" \/>\n\t<meta name=\"twitter:data1\" content=\"Joke Hoekstra\" \/>\n\t<meta name=\"twitter:label2\" content=\"Dur\u00e9e de lecture estim\u00e9e\" \/>\n\t<meta name=\"twitter:data2\" content=\"1 minute\" \/>\n<script type=\"application\/ld+json\" class=\"yoast-schema-graph\">{\"@context\":\"https:\/\/schema.org\",\"@graph\":[{\"@type\":\"Article\",\"@id\":\"https:\/\/campinglaforetdumorvan.com\/kom-nog-even-bij-het-kampvuur-zitten\/#article\",\"isPartOf\":{\"@id\":\"https:\/\/campinglaforetdumorvan.com\/kom-nog-even-bij-het-kampvuur-zitten\/\"},\"author\":{\"name\":\"Joke Hoekstra\",\"@id\":\"https:\/\/campinglaforetdumorvan.com\/#\/schema\/person\/3f27e8c6fb5ead56076a74b165e113b8\"},\"headline\":\"Kom nog even bij het kampvuur zitten!\",\"datePublished\":\"2023-12-18T17:49:56+00:00\",\"dateModified\":\"2023-12-19T11:59:11+00:00\",\"mainEntityOfPage\":{\"@id\":\"https:\/\/campinglaforetdumorvan.com\/kom-nog-even-bij-het-kampvuur-zitten\/\"},\"wordCount\":72,\"publisher\":{\"@id\":\"https:\/\/campinglaforetdumorvan.com\/#organization\"},\"image\":{\"@id\":\"https:\/\/campinglaforetdumorvan.com\/kom-nog-even-bij-het-kampvuur-zitten\/#primaryimage\"},\"thumbnailUrl\":\"https:\/\/campinglaforetdumorvan.com\/wp-content\/uploads\/2023\/12\/20230724_223221.jpg\",\"articleSection\":[\"Geen categorie\"],\"inLanguage\":\"fr-FR\"},{\"@type\":\"WebPage\",\"@id\":\"https:\/\/campinglaforetdumorvan.com\/kom-nog-even-bij-het-kampvuur-zitten\/\",\"url\":\"https:\/\/campinglaforetdumorvan.com\/kom-nog-even-bij-het-kampvuur-zitten\/\",\"name\":\"Kom nog even bij het kampvuur zitten! - Camping La For\u00eat du Morvan\",\"isPartOf\":{\"@id\":\"https:\/\/campinglaforetdumorvan.com\/#website\"},\"primaryImageOfPage\":{\"@id\":\"https:\/\/campinglaforetdumorvan.com\/kom-nog-even-bij-het-kampvuur-zitten\/#primaryimage\"},\"image\":{\"@id\":\"https:\/\/campinglaforetdumorvan.com\/kom-nog-even-bij-het-kampvuur-zitten\/#primaryimage\"},\"thumbnailUrl\":\"https:\/\/campinglaforetdumorvan.com\/wp-content\/uploads\/2023\/12\/20230724_223221.jpg\",\"datePublished\":\"2023-12-18T17:49:56+00:00\",\"dateModified\":\"2023-12-19T11:59:11+00:00\",\"breadcrumb\":{\"@id\":\"https:\/\/campinglaforetdumorvan.com\/kom-nog-even-bij-het-kampvuur-zitten\/#breadcrumb\"},\"inLanguage\":\"fr-FR\",\"potentialAction\":[{\"@type\":\"ReadAction\",\"target\":[\"https:\/\/campinglaforetdumorvan.com\/kom-nog-even-bij-het-kampvuur-zitten\/\"]}]},{\"@type\":\"ImageObject\",\"inLanguage\":\"fr-FR\",\"@id\":\"https:\/\/campinglaforetdumorvan.com\/kom-nog-even-bij-het-kampvuur-zitten\/#primaryimage\",\"url\":\"https:\/\/campinglaforetdumorvan.com\/wp-content\/uploads\/2023\/12\/20230724_223221.jpg\",\"contentUrl\":\"https:\/\/campinglaforetdumorvan.com\/wp-content\/uploads\/2023\/12\/20230724_223221.jpg\",\"width\":1024,\"height\":768},{\"@type\":\"BreadcrumbList\",\"@id\":\"https:\/\/campinglaforetdumorvan.com\/kom-nog-even-bij-het-kampvuur-zitten\/#breadcrumb\",\"itemListElement\":[{\"@type\":\"ListItem\",\"position\":1,\"name\":\"Home\",\"item\":\"https:\/\/campinglaforetdumorvan.com\/\"},{\"@type\":\"ListItem\",\"position\":2,\"name\":\"Kom nog even bij het kampvuur zitten!\"}]},{\"@type\":\"WebSite\",\"@id\":\"https:\/\/campinglaforetdumorvan.com\/#website\",\"url\":\"https:\/\/campinglaforetdumorvan.com\/\",\"name\":\"Camping La For\u00eat du Morvan\",\"description\":\"Dans le sud de la Bourgogne\",\"publisher\":{\"@id\":\"https:\/\/campinglaforetdumorvan.com\/#organization\"},\"potentialAction\":[{\"@type\":\"SearchAction\",\"target\":{\"@type\":\"EntryPoint\",\"urlTemplate\":\"https:\/\/campinglaforetdumorvan.com\/?s={search_term_string}\"},\"query-input\":{\"@type\":\"PropertyValueSpecification\",\"valueRequired\":true,\"valueName\":\"search_term_string\"}}],\"inLanguage\":\"fr-FR\"},{\"@type\":\"Organization\",\"@id\":\"https:\/\/campinglaforetdumorvan.com\/#organization\",\"name\":\"Camping La For\u00eat du Morvan\",\"url\":\"https:\/\/campinglaforetdumorvan.com\/\",\"logo\":{\"@type\":\"ImageObject\",\"inLanguage\":\"fr-FR\",\"@id\":\"https:\/\/campinglaforetdumorvan.com\/#\/schema\/logo\/image\/\",\"url\":\"https:\/\/campinglaforetdumorvan.com\/wp-content\/uploads\/2021\/02\/Untitled-design-2022-12-29T114642.840.png\",\"contentUrl\":\"https:\/\/campinglaforetdumorvan.com\/wp-content\/uploads\/2021\/02\/Untitled-design-2022-12-29T114642.840.png\",\"width\":300,\"height\":300,\"caption\":\"Camping La For\u00eat du Morvan\"},\"image\":{\"@id\":\"https:\/\/campinglaforetdumorvan.com\/#\/schema\/logo\/image\/\"}},{\"@type\":\"Person\",\"@id\":\"https:\/\/campinglaforetdumorvan.com\/#\/schema\/person\/3f27e8c6fb5ead56076a74b165e113b8\",\"name\":\"Joke Hoekstra\",\"image\":{\"@type\":\"ImageObject\",\"inLanguage\":\"fr-FR\",\"@id\":\"https:\/\/campinglaforetdumorvan.com\/#\/schema\/person\/image\/\",\"url\":\"https:\/\/secure.gravatar.com\/avatar\/c0776552267469419e0b04233fef01d2e6ed64007f9b01f0031693e6d54cbc72?s=96&d=mm&r=g\",\"contentUrl\":\"https:\/\/secure.gravatar.com\/avatar\/c0776552267469419e0b04233fef01d2e6ed64007f9b01f0031693e6d54cbc72?s=96&d=mm&r=g\",\"caption\":\"Joke Hoekstra\"},\"url\":\"https:\/\/campinglaforetdumorvan.com\/fr\/author\/joke\/\"}]}<\/script>\n<!-- \/ Yoast SEO plugin. -->","yoast_head_json":{"title":"Kom nog even bij het kampvuur zitten! - Camping La For\u00eat du Morvan","robots":{"index":"index","follow":"follow","max-snippet":"max-snippet:-1","max-image-preview":"max-image-preview:large","max-video-preview":"max-video-preview:-1"},"canonical":"https:\/\/campinglaforetdumorvan.com\/fr\/kom-nog-even-bij-het-kampvuur-zitten\/","og_locale":"fr_FR","og_type":"article","og_title":"Kom nog even bij het kampvuur zitten! - Camping La For\u00eat du Morvan","og_description":"Elke maandagavond op de camping.Volleybal en kampvuur met broodjes en marsmallows.En er is altijd wel iemand die een gitaar of een ukelele mee heeft. Dus gezellig samen zingen bij het vuur. Zo is er elke dag iets leuks te doen op de camping, voetballen, trekkerritje, waterspelen, kinderdisco, enz, enz, kijk maar eens in onze foto [&hellip;]","og_url":"https:\/\/campinglaforetdumorvan.com\/fr\/kom-nog-even-bij-het-kampvuur-zitten\/","og_site_name":"Camping La For\u00eat du Morvan","article_published_time":"2023-12-18T17:49:56+00:00","article_modified_time":"2023-12-19T11:59:11+00:00","og_image":[{"width":1024,"height":768,"url":"https:\/\/campinglaforetdumorvan.com\/wp-content\/uploads\/2023\/12\/20230724_223221.jpg","type":"image\/jpeg"}],"author":"Joke Hoekstra","twitter_card":"summary_large_image","twitter_misc":{"\u00c9crit par":"Joke Hoekstra","Dur\u00e9e de lecture estim\u00e9e":"1 minute"},"schema":{"@context":"https:\/\/schema.org","@graph":[{"@type":"Article","@id":"https:\/\/campinglaforetdumorvan.com\/kom-nog-even-bij-het-kampvuur-zitten\/#article","isPartOf":{"@id":"https:\/\/campinglaforetdumorvan.com\/kom-nog-even-bij-het-kampvuur-zitten\/"},"author":{"name":"Joke Hoekstra","@id":"https:\/\/campinglaforetdumorvan.com\/#\/schema\/person\/3f27e8c6fb5ead56076a74b165e113b8"},"headline":"Kom nog even bij het kampvuur zitten!","datePublished":"2023-12-18T17:49:56+00:00","dateModified":"2023-12-19T11:59:11+00:00","mainEntityOfPage":{"@id":"https:\/\/campinglaforetdumorvan.com\/kom-nog-even-bij-het-kampvuur-zitten\/"},"wordCount":72,"publisher":{"@id":"https:\/\/campinglaforetdumorvan.com\/#organization"},"image":{"@id":"https:\/\/campinglaforetdumorvan.com\/kom-nog-even-bij-het-kampvuur-zitten\/#primaryimage"},"thumbnailUrl":"https:\/\/campinglaforetdumorvan.com\/wp-content\/uploads\/2023\/12\/20230724_223221.jpg","articleSection":["Geen categorie"],"inLanguage":"fr-FR"},{"@type":"WebPage","@id":"https:\/\/campinglaforetdumorvan.com\/kom-nog-even-bij-het-kampvuur-zitten\/","url":"https:\/\/campinglaforetdumorvan.com\/kom-nog-even-bij-het-kampvuur-zitten\/","name":"Kom nog even bij het kampvuur zitten! - Camping La For\u00eat du Morvan","isPartOf":{"@id":"https:\/\/campinglaforetdumorvan.com\/#website"},"primaryImageOfPage":{"@id":"https:\/\/campinglaforetdumorvan.com\/kom-nog-even-bij-het-kampvuur-zitten\/#primaryimage"},"image":{"@id":"https:\/\/campinglaforetdumorvan.com\/kom-nog-even-bij-het-kampvuur-zitten\/#primaryimage"},"thumbnailUrl":"https:\/\/campinglaforetdumorvan.com\/wp-content\/uploads\/2023\/12\/20230724_223221.jpg","datePublished":"2023-12-18T17:49:56+00:00","dateModified":"2023-12-19T11:59:11+00:00","breadcrumb":{"@id":"https:\/\/campinglaforetdumorvan.com\/kom-nog-even-bij-het-kampvuur-zitten\/#breadcrumb"},"inLanguage":"fr-FR","potentialAction":[{"@type":"ReadAction","target":["https:\/\/campinglaforetdumorvan.com\/kom-nog-even-bij-het-kampvuur-zitten\/"]}]},{"@type":"ImageObject","inLanguage":"fr-FR","@id":"https:\/\/campinglaforetdumorvan.com\/kom-nog-even-bij-het-kampvuur-zitten\/#primaryimage","url":"https:\/\/campinglaforetdumorvan.com\/wp-content\/uploads\/2023\/12\/20230724_223221.jpg","contentUrl":"https:\/\/campinglaforetdumorvan.com\/wp-content\/uploads\/2023\/12\/20230724_223221.jpg","width":1024,"height":768},{"@type":"BreadcrumbList","@id":"https:\/\/campinglaforetdumorvan.com\/kom-nog-even-bij-het-kampvuur-zitten\/#breadcrumb","itemListElement":[{"@type":"ListItem","position":1,"name":"Home","item":"https:\/\/campinglaforetdumorvan.com\/"},{"@type":"ListItem","position":2,"name":"Kom nog even bij het kampvuur zitten!"}]},{"@type":"WebSite","@id":"https:\/\/campinglaforetdumorvan.com\/#website","url":"https:\/\/campinglaforetdumorvan.com\/","name":"Camping La For\u00eat du Morvan","description":"Dans le sud de la Bourgogne","publisher":{"@id":"https:\/\/campinglaforetdumorvan.com\/#organization"},"potentialAction":[{"@type":"SearchAction","target":{"@type":"EntryPoint","urlTemplate":"https:\/\/campinglaforetdumorvan.com\/?s={search_term_string}"},"query-input":{"@type":"PropertyValueSpecification","valueRequired":true,"valueName":"search_term_string"}}],"inLanguage":"fr-FR"},{"@type":"Organization","@id":"https:\/\/campinglaforetdumorvan.com\/#organization","name":"Camping La For\u00eat du Morvan","url":"https:\/\/campinglaforetdumorvan.com\/","logo":{"@type":"ImageObject","inLanguage":"fr-FR","@id":"https:\/\/campinglaforetdumorvan.com\/#\/schema\/logo\/image\/","url":"https:\/\/campinglaforetdumorvan.com\/wp-content\/uploads\/2021\/02\/Untitled-design-2022-12-29T114642.840.png","contentUrl":"https:\/\/campinglaforetdumorvan.com\/wp-content\/uploads\/2021\/02\/Untitled-design-2022-12-29T114642.840.png","width":300,"height":300,"caption":"Camping La For\u00eat du Morvan"},"image":{"@id":"https:\/\/campinglaforetdumorvan.com\/#\/schema\/logo\/image\/"}},{"@type":"Person","@id":"https:\/\/campinglaforetdumorvan.com\/#\/schema\/person\/3f27e8c6fb5ead56076a74b165e113b8","name":"Joke Hoekstra","image":{"@type":"ImageObject","inLanguage":"fr-FR","@id":"https:\/\/campinglaforetdumorvan.com\/#\/schema\/person\/image\/","url":"https:\/\/secure.gravatar.com\/avatar\/c0776552267469419e0b04233fef01d2e6ed64007f9b01f0031693e6d54cbc72?s=96&d=mm&r=g","contentUrl":"https:\/\/secure.gravatar.com\/avatar\/c0776552267469419e0b04233fef01d2e6ed64007f9b01f0031693e6d54cbc72?s=96&d=mm&r=g","caption":"Joke Hoekstra"},"url":"https:\/\/campinglaforetdumorvan.com\/fr\/author\/joke\/"}]}},"_links":{"self":[{"href":"https:\/\/campinglaforetdumorvan.com\/fr\/wp-json\/wp\/v2\/posts\/1654","targetHints":{"allow":["GET"]}}],"collection":[{"href":"https:\/\/campinglaforetdumorvan.com\/fr\/wp-json\/wp\/v2\/posts"}],"about":[{"href":"https:\/\/campinglaforetdumorvan.com\/fr\/wp-json\/wp\/v2\/types\/post"}],"author":[{"embeddable":true,"href":"https:\/\/campinglaforetdumorvan.com\/fr\/wp-json\/wp\/v2\/users\/2"}],"replies":[{"embeddable":true,"href":"https:\/\/campinglaforetdumorvan.com\/fr\/wp-json\/wp\/v2\/comments?post=1654"}],"version-history":[{"count":8,"href":"https:\/\/campinglaforetdumorvan.com\/fr\/wp-json\/wp\/v2\/posts\/1654\/revisions"}],"predecessor-version":[{"id":1687,"href":"https:\/\/campinglaforetdumorvan.com\/fr\/wp-json\/wp\/v2\/posts\/1654\/revisions\/1687"}],"wp:featuredmedia":[{"embeddable":true,"href":"https:\/\/campinglaforetdumorvan.com\/fr\/wp-json\/wp\/v2\/media\/1658"}],"wp:attachment":[{"href":"https:\/\/campinglaforetdumorvan.com\/fr\/wp-json\/wp\/v2\/media?parent=1654"}],"wp:term":[{"taxonomy":"category","embeddable":true,"href":"https:\/\/campinglaforetdumorvan.com\/fr\/wp-json\/wp\/v2\/categories?post=1654"},{"taxonomy":"post_tag","embeddable":true,"href":"https:\/\/campinglaforetdumorvan.com\/fr\/wp-json\/wp\/v2\/tags?post=1654"}],"curies":[{"name":"wp","href":"https:\/\/api.w.org\/{rel}","templated":true}]}}