{"id":1436,"date":"2023-01-21T15:18:41","date_gmt":"2023-01-21T14:18:41","guid":{"rendered":"https:\/\/campinglaforetdumorvan.com\/?p=1436"},"modified":"2023-01-22T10:52:16","modified_gmt":"2023-01-22T09:52:16","slug":"heb-jij-al-geboekt-voor-zomer-2023","status":"publish","type":"post","link":"https:\/\/campinglaforetdumorvan.com\/fr\/heb-jij-al-geboekt-voor-zomer-2023\/","title":{"rendered":"Vous avez d\u00e9ja reserver pour l'ete 2023"},"content":{"rendered":"<div data-elementor-type=\"wp-post\" data-elementor-id=\"1436\" class=\"elementor elementor-1436\" data-elementor-post-type=\"post\">\n\t\t\t\t\t\t<section class=\"elementor-section elementor-top-section elementor-element elementor-element-18755c37 elementor-section-boxed elementor-section-height-default elementor-section-height-default\" data-id=\"18755c37\" data-element_type=\"section\" data-e-type=\"section\">\n\t\t\t\t\t\t<div class=\"elementor-container elementor-column-gap-default\">\n\t\t\t\t\t<div class=\"elementor-column elementor-col-100 elementor-top-column elementor-element elementor-element-a183f0d\" data-id=\"a183f0d\" data-element_type=\"column\" data-e-type=\"column\">\n\t\t\t<div class=\"elementor-widget-wrap elementor-element-populated\">\n\t\t\t\t\t\t<div class=\"elementor-element elementor-element-41bca52a elementor-widget elementor-widget-text-editor\" data-id=\"41bca52a\" data-element_type=\"widget\" data-e-type=\"widget\" data-widget_type=\"text-editor.default\">\n\t\t\t\t<div class=\"elementor-widget-container\">\n\t\t\t\t\t\t\t\t\t\n<p>Cela peut sembler loin, mais avant que vous le sachiez, l'\u00e9t\u00e9 sera l\u00e0 ! R\u00e9servez d\u00e8s maintenant l'une de nos tentes de location ou un emplacement de camping spacieux.<\/p>\n<p>Nous avons encore des places disponibles dans toutes les p\u00e9riodes. Alors si vous aussi vous voulez dormir sous un si beau ciel \u00e9toil\u00e9, envoyez-nous un message via le formulaire de contact\u00a0<\/p>\n\t\t\t\t\t\t\t\t<\/div>\n\t\t\t\t<\/div>\n\t\t\t\t\t<\/div>\n\t\t<\/div>\n\t\t\t\t\t<\/div>\n\t\t<\/section>\n\t\t\t\t<\/div>","protected":false},"excerpt":{"rendered":"<p>Het lijkt misschien nog ver weg, maar voordat je het weet is het alweer zomer! Boek nu een van onze huurtenten of een ruime kampeerplaats We hebben in alle periodes nog wat beschikbaar. Dus wilt u ook onder zo&#8217;n mooie sterrenhemel slapen, stuur ons een bericht via het contactformulier\u00a0<\/p>","protected":false},"author":3,"featured_media":1461,"comment_status":"closed","ping_status":"open","sticky":false,"template":"","format":"standard","meta":{"footnotes":""},"categories":[1],"tags":[],"class_list":["post-1436","post","type-post","status-publish","format-standard","has-post-thumbnail","hentry","category-geen-categorie"],"yoast_head":"<!-- This site is optimized with the Yoast SEO plugin v26.5 - https:\/\/yoast.com\/wordpress\/plugins\/seo\/ -->\n<title>Heb jij al geboekt voor zomer 2023? | Camping La Foret Du Morvan<\/title>\n<meta name=\"description\" content=\"Het lijkt misschien nog ver weg, maar voordat je het weet is het alweer zomer! Boek een van onze huurtenten of een losse kampeerplaats.\" \/>\n<meta name=\"robots\" content=\"index, follow, max-snippet:-1, max-image-preview:large, max-video-preview:-1\" \/>\n<link rel=\"canonical\" href=\"https:\/\/campinglaforetdumorvan.com\/fr\/heb-jij-al-geboekt-voor-zomer-2023\/\" \/>\n<meta property=\"og:locale\" content=\"fr_FR\" \/>\n<meta property=\"og:type\" content=\"article\" \/>\n<meta property=\"og:title\" content=\"Heb jij al geboekt voor zomer 2023? | Camping La Foret Du Morvan\" \/>\n<meta property=\"og:description\" content=\"Het lijkt misschien nog ver weg, maar voordat je het weet is het alweer zomer! Boek een van onze huurtenten of een losse kampeerplaats.\" \/>\n<meta property=\"og:url\" content=\"https:\/\/campinglaforetdumorvan.com\/fr\/heb-jij-al-geboekt-voor-zomer-2023\/\" \/>\n<meta property=\"og:site_name\" content=\"Camping La For\u00eat du Morvan\" \/>\n<meta property=\"article:published_time\" content=\"2023-01-21T14:18:41+00:00\" \/>\n<meta property=\"article:modified_time\" content=\"2023-01-22T09:52:16+00:00\" \/>\n<meta property=\"og:image\" content=\"https:\/\/campinglaforetdumorvan.com\/wp-content\/uploads\/2023\/01\/Camping_La_Foret_2022.jpg\" \/>\n\t<meta property=\"og:image:width\" content=\"2400\" \/>\n\t<meta property=\"og:image:height\" content=\"1597\" \/>\n\t<meta property=\"og:image:type\" content=\"image\/jpeg\" \/>\n<meta name=\"author\" content=\"Japkje Ine Koning\" \/>\n<meta name=\"twitter:card\" content=\"summary_large_image\" \/>\n<meta name=\"twitter:label1\" content=\"\u00c9crit par\" \/>\n\t<meta name=\"twitter:data1\" content=\"Japkje Ine Koning\" \/>\n\t<meta name=\"twitter:label2\" content=\"Dur\u00e9e de lecture estim\u00e9e\" \/>\n\t<meta name=\"twitter:data2\" content=\"1 minute\" \/>\n<script type=\"application\/ld+json\" class=\"yoast-schema-graph\">{\"@context\":\"https:\/\/schema.org\",\"@graph\":[{\"@type\":\"Article\",\"@id\":\"https:\/\/campinglaforetdumorvan.com\/heb-jij-al-geboekt-voor-zomer-2023\/#article\",\"isPartOf\":{\"@id\":\"https:\/\/campinglaforetdumorvan.com\/heb-jij-al-geboekt-voor-zomer-2023\/\"},\"author\":{\"name\":\"Japkje Ine Koning\",\"@id\":\"https:\/\/campinglaforetdumorvan.com\/#\/schema\/person\/499e97fdb5abbf22249ff02e3fa2a136\"},\"headline\":\"Heb jij al geboekt voor zomer 2023?\",\"datePublished\":\"2023-01-21T14:18:41+00:00\",\"dateModified\":\"2023-01-22T09:52:16+00:00\",\"mainEntityOfPage\":{\"@id\":\"https:\/\/campinglaforetdumorvan.com\/heb-jij-al-geboekt-voor-zomer-2023\/\"},\"wordCount\":56,\"publisher\":{\"@id\":\"https:\/\/campinglaforetdumorvan.com\/#organization\"},\"image\":{\"@id\":\"https:\/\/campinglaforetdumorvan.com\/heb-jij-al-geboekt-voor-zomer-2023\/#primaryimage\"},\"thumbnailUrl\":\"https:\/\/campinglaforetdumorvan.com\/wp-content\/uploads\/2023\/01\/Camping_La_Foret_2022.jpg\",\"articleSection\":[\"Geen categorie\"],\"inLanguage\":\"fr-FR\"},{\"@type\":\"WebPage\",\"@id\":\"https:\/\/campinglaforetdumorvan.com\/heb-jij-al-geboekt-voor-zomer-2023\/\",\"url\":\"https:\/\/campinglaforetdumorvan.com\/heb-jij-al-geboekt-voor-zomer-2023\/\",\"name\":\"Heb jij al geboekt voor zomer 2023? | Camping La Foret Du Morvan\",\"isPartOf\":{\"@id\":\"https:\/\/campinglaforetdumorvan.com\/#website\"},\"primaryImageOfPage\":{\"@id\":\"https:\/\/campinglaforetdumorvan.com\/heb-jij-al-geboekt-voor-zomer-2023\/#primaryimage\"},\"image\":{\"@id\":\"https:\/\/campinglaforetdumorvan.com\/heb-jij-al-geboekt-voor-zomer-2023\/#primaryimage\"},\"thumbnailUrl\":\"https:\/\/campinglaforetdumorvan.com\/wp-content\/uploads\/2023\/01\/Camping_La_Foret_2022.jpg\",\"datePublished\":\"2023-01-21T14:18:41+00:00\",\"dateModified\":\"2023-01-22T09:52:16+00:00\",\"description\":\"Het lijkt misschien nog ver weg, maar voordat je het weet is het alweer zomer! Boek een van onze huurtenten of een losse kampeerplaats.\",\"breadcrumb\":{\"@id\":\"https:\/\/campinglaforetdumorvan.com\/heb-jij-al-geboekt-voor-zomer-2023\/#breadcrumb\"},\"inLanguage\":\"fr-FR\",\"potentialAction\":[{\"@type\":\"ReadAction\",\"target\":[\"https:\/\/campinglaforetdumorvan.com\/heb-jij-al-geboekt-voor-zomer-2023\/\"]}]},{\"@type\":\"ImageObject\",\"inLanguage\":\"fr-FR\",\"@id\":\"https:\/\/campinglaforetdumorvan.com\/heb-jij-al-geboekt-voor-zomer-2023\/#primaryimage\",\"url\":\"https:\/\/campinglaforetdumorvan.com\/wp-content\/uploads\/2023\/01\/Camping_La_Foret_2022.jpg\",\"contentUrl\":\"https:\/\/campinglaforetdumorvan.com\/wp-content\/uploads\/2023\/01\/Camping_La_Foret_2022.jpg\",\"width\":2400,\"height\":1597},{\"@type\":\"BreadcrumbList\",\"@id\":\"https:\/\/campinglaforetdumorvan.com\/heb-jij-al-geboekt-voor-zomer-2023\/#breadcrumb\",\"itemListElement\":[{\"@type\":\"ListItem\",\"position\":1,\"name\":\"Home\",\"item\":\"https:\/\/campinglaforetdumorvan.com\/\"},{\"@type\":\"ListItem\",\"position\":2,\"name\":\"Heb jij al geboekt voor zomer 2023?\"}]},{\"@type\":\"WebSite\",\"@id\":\"https:\/\/campinglaforetdumorvan.com\/#website\",\"url\":\"https:\/\/campinglaforetdumorvan.com\/\",\"name\":\"Camping La For\u00eat du Morvan\",\"description\":\"Dans le sud de la Bourgogne\",\"publisher\":{\"@id\":\"https:\/\/campinglaforetdumorvan.com\/#organization\"},\"potentialAction\":[{\"@type\":\"SearchAction\",\"target\":{\"@type\":\"EntryPoint\",\"urlTemplate\":\"https:\/\/campinglaforetdumorvan.com\/?s={search_term_string}\"},\"query-input\":{\"@type\":\"PropertyValueSpecification\",\"valueRequired\":true,\"valueName\":\"search_term_string\"}}],\"inLanguage\":\"fr-FR\"},{\"@type\":\"Organization\",\"@id\":\"https:\/\/campinglaforetdumorvan.com\/#organization\",\"name\":\"Camping La For\u00eat du Morvan\",\"url\":\"https:\/\/campinglaforetdumorvan.com\/\",\"logo\":{\"@type\":\"ImageObject\",\"inLanguage\":\"fr-FR\",\"@id\":\"https:\/\/campinglaforetdumorvan.com\/#\/schema\/logo\/image\/\",\"url\":\"https:\/\/campinglaforetdumorvan.com\/wp-content\/uploads\/2021\/02\/Untitled-design-2022-12-29T114642.840.png\",\"contentUrl\":\"https:\/\/campinglaforetdumorvan.com\/wp-content\/uploads\/2021\/02\/Untitled-design-2022-12-29T114642.840.png\",\"width\":300,\"height\":300,\"caption\":\"Camping La For\u00eat du Morvan\"},\"image\":{\"@id\":\"https:\/\/campinglaforetdumorvan.com\/#\/schema\/logo\/image\/\"}},{\"@type\":\"Person\",\"@id\":\"https:\/\/campinglaforetdumorvan.com\/#\/schema\/person\/499e97fdb5abbf22249ff02e3fa2a136\",\"name\":\"Japkje Ine Koning\",\"image\":{\"@type\":\"ImageObject\",\"inLanguage\":\"fr-FR\",\"@id\":\"https:\/\/campinglaforetdumorvan.com\/#\/schema\/person\/image\/\",\"url\":\"https:\/\/secure.gravatar.com\/avatar\/924f400e2345dc21a1fc57cd991d1759f9608201a64b8d4d48e45771b14a1fcd?s=96&d=mm&r=g\",\"contentUrl\":\"https:\/\/secure.gravatar.com\/avatar\/924f400e2345dc21a1fc57cd991d1759f9608201a64b8d4d48e45771b14a1fcd?s=96&d=mm&r=g\",\"caption\":\"Japkje Ine Koning\"},\"url\":\"https:\/\/campinglaforetdumorvan.com\/fr\/author\/japkjeine\/\"}]}<\/script>\n<!-- \/ Yoast SEO plugin. -->","yoast_head_json":{"title":"Heb jij al geboekt voor zomer 2023? | Camping La Foret Du Morvan","description":"Het lijkt misschien nog ver weg, maar voordat je het weet is het alweer zomer! Boek een van onze huurtenten of een losse kampeerplaats.","robots":{"index":"index","follow":"follow","max-snippet":"max-snippet:-1","max-image-preview":"max-image-preview:large","max-video-preview":"max-video-preview:-1"},"canonical":"https:\/\/campinglaforetdumorvan.com\/fr\/heb-jij-al-geboekt-voor-zomer-2023\/","og_locale":"fr_FR","og_type":"article","og_title":"Heb jij al geboekt voor zomer 2023? | Camping La Foret Du Morvan","og_description":"Het lijkt misschien nog ver weg, maar voordat je het weet is het alweer zomer! Boek een van onze huurtenten of een losse kampeerplaats.","og_url":"https:\/\/campinglaforetdumorvan.com\/fr\/heb-jij-al-geboekt-voor-zomer-2023\/","og_site_name":"Camping La For\u00eat du Morvan","article_published_time":"2023-01-21T14:18:41+00:00","article_modified_time":"2023-01-22T09:52:16+00:00","og_image":[{"width":2400,"height":1597,"url":"https:\/\/campinglaforetdumorvan.com\/wp-content\/uploads\/2023\/01\/Camping_La_Foret_2022.jpg","type":"image\/jpeg"}],"author":"Japkje Ine Koning","twitter_card":"summary_large_image","twitter_misc":{"\u00c9crit par":"Japkje Ine Koning","Dur\u00e9e de lecture estim\u00e9e":"1 minute"},"schema":{"@context":"https:\/\/schema.org","@graph":[{"@type":"Article","@id":"https:\/\/campinglaforetdumorvan.com\/heb-jij-al-geboekt-voor-zomer-2023\/#article","isPartOf":{"@id":"https:\/\/campinglaforetdumorvan.com\/heb-jij-al-geboekt-voor-zomer-2023\/"},"author":{"name":"Japkje Ine Koning","@id":"https:\/\/campinglaforetdumorvan.com\/#\/schema\/person\/499e97fdb5abbf22249ff02e3fa2a136"},"headline":"Heb jij al geboekt voor zomer 2023?","datePublished":"2023-01-21T14:18:41+00:00","dateModified":"2023-01-22T09:52:16+00:00","mainEntityOfPage":{"@id":"https:\/\/campinglaforetdumorvan.com\/heb-jij-al-geboekt-voor-zomer-2023\/"},"wordCount":56,"publisher":{"@id":"https:\/\/campinglaforetdumorvan.com\/#organization"},"image":{"@id":"https:\/\/campinglaforetdumorvan.com\/heb-jij-al-geboekt-voor-zomer-2023\/#primaryimage"},"thumbnailUrl":"https:\/\/campinglaforetdumorvan.com\/wp-content\/uploads\/2023\/01\/Camping_La_Foret_2022.jpg","articleSection":["Geen categorie"],"inLanguage":"fr-FR"},{"@type":"WebPage","@id":"https:\/\/campinglaforetdumorvan.com\/heb-jij-al-geboekt-voor-zomer-2023\/","url":"https:\/\/campinglaforetdumorvan.com\/heb-jij-al-geboekt-voor-zomer-2023\/","name":"Heb jij al geboekt voor zomer 2023? | Camping La Foret Du Morvan","isPartOf":{"@id":"https:\/\/campinglaforetdumorvan.com\/#website"},"primaryImageOfPage":{"@id":"https:\/\/campinglaforetdumorvan.com\/heb-jij-al-geboekt-voor-zomer-2023\/#primaryimage"},"image":{"@id":"https:\/\/campinglaforetdumorvan.com\/heb-jij-al-geboekt-voor-zomer-2023\/#primaryimage"},"thumbnailUrl":"https:\/\/campinglaforetdumorvan.com\/wp-content\/uploads\/2023\/01\/Camping_La_Foret_2022.jpg","datePublished":"2023-01-21T14:18:41+00:00","dateModified":"2023-01-22T09:52:16+00:00","description":"Het lijkt misschien nog ver weg, maar voordat je het weet is het alweer zomer! Boek een van onze huurtenten of een losse kampeerplaats.","breadcrumb":{"@id":"https:\/\/campinglaforetdumorvan.com\/heb-jij-al-geboekt-voor-zomer-2023\/#breadcrumb"},"inLanguage":"fr-FR","potentialAction":[{"@type":"ReadAction","target":["https:\/\/campinglaforetdumorvan.com\/heb-jij-al-geboekt-voor-zomer-2023\/"]}]},{"@type":"ImageObject","inLanguage":"fr-FR","@id":"https:\/\/campinglaforetdumorvan.com\/heb-jij-al-geboekt-voor-zomer-2023\/#primaryimage","url":"https:\/\/campinglaforetdumorvan.com\/wp-content\/uploads\/2023\/01\/Camping_La_Foret_2022.jpg","contentUrl":"https:\/\/campinglaforetdumorvan.com\/wp-content\/uploads\/2023\/01\/Camping_La_Foret_2022.jpg","width":2400,"height":1597},{"@type":"BreadcrumbList","@id":"https:\/\/campinglaforetdumorvan.com\/heb-jij-al-geboekt-voor-zomer-2023\/#breadcrumb","itemListElement":[{"@type":"ListItem","position":1,"name":"Home","item":"https:\/\/campinglaforetdumorvan.com\/"},{"@type":"ListItem","position":2,"name":"Heb jij al geboekt voor zomer 2023?"}]},{"@type":"WebSite","@id":"https:\/\/campinglaforetdumorvan.com\/#website","url":"https:\/\/campinglaforetdumorvan.com\/","name":"Camping La For\u00eat du Morvan","description":"Dans le sud de la Bourgogne","publisher":{"@id":"https:\/\/campinglaforetdumorvan.com\/#organization"},"potentialAction":[{"@type":"SearchAction","target":{"@type":"EntryPoint","urlTemplate":"https:\/\/campinglaforetdumorvan.com\/?s={search_term_string}"},"query-input":{"@type":"PropertyValueSpecification","valueRequired":true,"valueName":"search_term_string"}}],"inLanguage":"fr-FR"},{"@type":"Organization","@id":"https:\/\/campinglaforetdumorvan.com\/#organization","name":"Camping La For\u00eat du Morvan","url":"https:\/\/campinglaforetdumorvan.com\/","logo":{"@type":"ImageObject","inLanguage":"fr-FR","@id":"https:\/\/campinglaforetdumorvan.com\/#\/schema\/logo\/image\/","url":"https:\/\/campinglaforetdumorvan.com\/wp-content\/uploads\/2021\/02\/Untitled-design-2022-12-29T114642.840.png","contentUrl":"https:\/\/campinglaforetdumorvan.com\/wp-content\/uploads\/2021\/02\/Untitled-design-2022-12-29T114642.840.png","width":300,"height":300,"caption":"Camping La For\u00eat du Morvan"},"image":{"@id":"https:\/\/campinglaforetdumorvan.com\/#\/schema\/logo\/image\/"}},{"@type":"Person","@id":"https:\/\/campinglaforetdumorvan.com\/#\/schema\/person\/499e97fdb5abbf22249ff02e3fa2a136","name":"Japkje Ine Koning","image":{"@type":"ImageObject","inLanguage":"fr-FR","@id":"https:\/\/campinglaforetdumorvan.com\/#\/schema\/person\/image\/","url":"https:\/\/secure.gravatar.com\/avatar\/924f400e2345dc21a1fc57cd991d1759f9608201a64b8d4d48e45771b14a1fcd?s=96&d=mm&r=g","contentUrl":"https:\/\/secure.gravatar.com\/avatar\/924f400e2345dc21a1fc57cd991d1759f9608201a64b8d4d48e45771b14a1fcd?s=96&d=mm&r=g","caption":"Japkje Ine Koning"},"url":"https:\/\/campinglaforetdumorvan.com\/fr\/author\/japkjeine\/"}]}},"_links":{"self":[{"href":"https:\/\/campinglaforetdumorvan.com\/fr\/wp-json\/wp\/v2\/posts\/1436","targetHints":{"allow":["GET"]}}],"collection":[{"href":"https:\/\/campinglaforetdumorvan.com\/fr\/wp-json\/wp\/v2\/posts"}],"about":[{"href":"https:\/\/campinglaforetdumorvan.com\/fr\/wp-json\/wp\/v2\/types\/post"}],"author":[{"embeddable":true,"href":"https:\/\/campinglaforetdumorvan.com\/fr\/wp-json\/wp\/v2\/users\/3"}],"replies":[{"embeddable":true,"href":"https:\/\/campinglaforetdumorvan.com\/fr\/wp-json\/wp\/v2\/comments?post=1436"}],"version-history":[{"count":16,"href":"https:\/\/campinglaforetdumorvan.com\/fr\/wp-json\/wp\/v2\/posts\/1436\/revisions"}],"predecessor-version":[{"id":1485,"href":"https:\/\/campinglaforetdumorvan.com\/fr\/wp-json\/wp\/v2\/posts\/1436\/revisions\/1485"}],"wp:featuredmedia":[{"embeddable":true,"href":"https:\/\/campinglaforetdumorvan.com\/fr\/wp-json\/wp\/v2\/media\/1461"}],"wp:attachment":[{"href":"https:\/\/campinglaforetdumorvan.com\/fr\/wp-json\/wp\/v2\/media?parent=1436"}],"wp:term":[{"taxonomy":"category","embeddable":true,"href":"https:\/\/campinglaforetdumorvan.com\/fr\/wp-json\/wp\/v2\/categories?post=1436"},{"taxonomy":"post_tag","embeddable":true,"href":"https:\/\/campinglaforetdumorvan.com\/fr\/wp-json\/wp\/v2\/tags?post=1436"}],"curies":[{"name":"wp","href":"https:\/\/api.w.org\/{rel}","templated":true}]}}