{"id":1331,"date":"2022-08-06T19:46:49","date_gmt":"2022-08-06T17:46:49","guid":{"rendered":"https:\/\/campinglaforetdumorvan.com\/?p=1331"},"modified":"2023-06-08T09:57:00","modified_gmt":"2023-06-08T07:57:00","slug":"last-minute-huurtenten-beschikbaar","status":"publish","type":"post","link":"https:\/\/campinglaforetdumorvan.com\/fr\/last-minute-huurtenten-beschikbaar\/","title":{"rendered":"Er zijn nog huurtenten beschikbaar"},"content":{"rendered":"<p>Vanaf 10 augustus 2022 hebben we nog enkele huurtenten vrij. Maak dus snel uw reservering compleet en geniet van een heerlijk verblijf op onze camping. <\/p>\n\n\n\n<p>Bekijk onze huurtenten of neem direct contact met ons op.<\/p>\n\n\n\n\n\n\n\n\n<a class=\"is-layout-flex wp-block-buttons-is-layout-flex is-layout-flow wp-block-column-is-layout-flow wp-container-core-columns-is-layout-9d6595d7 wp-block-columns-is-layout-flex\" href=\"https:\/\/campinglaforetdumorvan.com\/fr\/huurtenten\/\">Onze huurtenten<\/a>\n\n\n\n\n\n\n<a class=\"is-layout-flex wp-container-core-buttons-is-layout-c07eda73 wp-block-buttons-is-layout-flex is-layout-flow wp-block-column-is-layout-flow\" href=\"https:\/\/campinglaforetdumorvan.com\/fr\/contact\/\">Contactez-nous<\/a>","protected":false},"excerpt":{"rendered":"<p>Vanaf 10 augustus 2022 hebben we nog enkele huurtenten vrij. Maak dus snel uw reservering compleet en geniet van een heerlijk verblijf op onze camping. Bekijk onze huurtenten of neem direct contact met ons op.<\/p>","protected":false},"author":3,"featured_media":361,"comment_status":"closed","ping_status":"open","sticky":false,"template":"","format":"standard","meta":{"footnotes":""},"categories":[1],"tags":[],"class_list":["post-1331","post","type-post","status-publish","format-standard","has-post-thumbnail","hentry","category-geen-categorie"],"yoast_head":"<!-- This site is optimized with the Yoast SEO plugin v26.5 - https:\/\/yoast.com\/wordpress\/plugins\/seo\/ -->\n<title>Er zijn nog huurtenten beschikbaar vanaf 10 augustus 2022 | Camping La Foret du Morvan<\/title>\n<meta name=\"description\" content=\"Wij hebben vanaf 10 augustus nog een aantal huurtenten beschikbaar! Maak dus snel uw reservering compleet en geniet van een heerlijk verblijf op onze camping.\" \/>\n<meta name=\"robots\" content=\"index, follow, max-snippet:-1, max-image-preview:large, max-video-preview:-1\" \/>\n<link rel=\"canonical\" href=\"https:\/\/campinglaforetdumorvan.com\/fr\/last-minute-huurtenten-beschikbaar\/\" \/>\n<meta property=\"og:locale\" content=\"fr_FR\" \/>\n<meta property=\"og:type\" content=\"article\" \/>\n<meta property=\"og:title\" content=\"Er zijn nog huurtenten beschikbaar vanaf 10 augustus 2022 | Camping La Foret du Morvan\" \/>\n<meta property=\"og:description\" content=\"Wij hebben vanaf 10 augustus nog een aantal huurtenten beschikbaar! Maak dus snel uw reservering compleet en geniet van een heerlijk verblijf op onze camping.\" \/>\n<meta property=\"og:url\" content=\"https:\/\/campinglaforetdumorvan.com\/fr\/last-minute-huurtenten-beschikbaar\/\" \/>\n<meta property=\"og:site_name\" content=\"Camping La For\u00eat du Morvan\" \/>\n<meta property=\"article:published_time\" content=\"2022-08-06T17:46:49+00:00\" \/>\n<meta property=\"article:modified_time\" content=\"2023-06-08T07:57:00+00:00\" \/>\n<meta property=\"og:image\" content=\"https:\/\/campinglaforetdumorvan.com\/wp-content\/uploads\/2021\/02\/LaForet_Piramidetent.jpg\" \/>\n\t<meta property=\"og:image:width\" content=\"922\" \/>\n\t<meta property=\"og:image:height\" content=\"692\" \/>\n\t<meta property=\"og:image:type\" content=\"image\/jpeg\" \/>\n<meta name=\"author\" content=\"Japkje Ine Koning\" \/>\n<meta name=\"twitter:card\" content=\"summary_large_image\" \/>\n<meta name=\"twitter:label1\" content=\"\u00c9crit par\" \/>\n\t<meta name=\"twitter:data1\" content=\"Japkje Ine Koning\" \/>\n\t<meta name=\"twitter:label2\" content=\"Dur\u00e9e de lecture estim\u00e9e\" \/>\n\t<meta name=\"twitter:data2\" content=\"1 minute\" \/>\n<script type=\"application\/ld+json\" class=\"yoast-schema-graph\">{\"@context\":\"https:\/\/schema.org\",\"@graph\":[{\"@type\":\"Article\",\"@id\":\"https:\/\/campinglaforetdumorvan.com\/last-minute-huurtenten-beschikbaar\/#article\",\"isPartOf\":{\"@id\":\"https:\/\/campinglaforetdumorvan.com\/last-minute-huurtenten-beschikbaar\/\"},\"author\":{\"name\":\"Japkje Ine Koning\",\"@id\":\"https:\/\/campinglaforetdumorvan.com\/#\/schema\/person\/499e97fdb5abbf22249ff02e3fa2a136\"},\"headline\":\"Er zijn nog huurtenten beschikbaar\",\"datePublished\":\"2022-08-06T17:46:49+00:00\",\"dateModified\":\"2023-06-08T07:57:00+00:00\",\"mainEntityOfPage\":{\"@id\":\"https:\/\/campinglaforetdumorvan.com\/last-minute-huurtenten-beschikbaar\/\"},\"wordCount\":45,\"publisher\":{\"@id\":\"https:\/\/campinglaforetdumorvan.com\/#organization\"},\"image\":{\"@id\":\"https:\/\/campinglaforetdumorvan.com\/last-minute-huurtenten-beschikbaar\/#primaryimage\"},\"thumbnailUrl\":\"https:\/\/campinglaforetdumorvan.com\/wp-content\/uploads\/2021\/02\/LaForet_Piramidetent.jpg\",\"articleSection\":[\"Geen categorie\"],\"inLanguage\":\"fr-FR\"},{\"@type\":\"WebPage\",\"@id\":\"https:\/\/campinglaforetdumorvan.com\/last-minute-huurtenten-beschikbaar\/\",\"url\":\"https:\/\/campinglaforetdumorvan.com\/last-minute-huurtenten-beschikbaar\/\",\"name\":\"Er zijn nog huurtenten beschikbaar vanaf 10 augustus 2022 | Camping La Foret du Morvan\",\"isPartOf\":{\"@id\":\"https:\/\/campinglaforetdumorvan.com\/#website\"},\"primaryImageOfPage\":{\"@id\":\"https:\/\/campinglaforetdumorvan.com\/last-minute-huurtenten-beschikbaar\/#primaryimage\"},\"image\":{\"@id\":\"https:\/\/campinglaforetdumorvan.com\/last-minute-huurtenten-beschikbaar\/#primaryimage\"},\"thumbnailUrl\":\"https:\/\/campinglaforetdumorvan.com\/wp-content\/uploads\/2021\/02\/LaForet_Piramidetent.jpg\",\"datePublished\":\"2022-08-06T17:46:49+00:00\",\"dateModified\":\"2023-06-08T07:57:00+00:00\",\"description\":\"Wij hebben vanaf 10 augustus nog een aantal huurtenten beschikbaar! Maak dus snel uw reservering compleet en geniet van een heerlijk verblijf op onze camping.\",\"breadcrumb\":{\"@id\":\"https:\/\/campinglaforetdumorvan.com\/last-minute-huurtenten-beschikbaar\/#breadcrumb\"},\"inLanguage\":\"fr-FR\",\"potentialAction\":[{\"@type\":\"ReadAction\",\"target\":[\"https:\/\/campinglaforetdumorvan.com\/last-minute-huurtenten-beschikbaar\/\"]}]},{\"@type\":\"ImageObject\",\"inLanguage\":\"fr-FR\",\"@id\":\"https:\/\/campinglaforetdumorvan.com\/last-minute-huurtenten-beschikbaar\/#primaryimage\",\"url\":\"https:\/\/campinglaforetdumorvan.com\/wp-content\/uploads\/2021\/02\/LaForet_Piramidetent.jpg\",\"contentUrl\":\"https:\/\/campinglaforetdumorvan.com\/wp-content\/uploads\/2021\/02\/LaForet_Piramidetent.jpg\",\"width\":922,\"height\":692},{\"@type\":\"BreadcrumbList\",\"@id\":\"https:\/\/campinglaforetdumorvan.com\/last-minute-huurtenten-beschikbaar\/#breadcrumb\",\"itemListElement\":[{\"@type\":\"ListItem\",\"position\":1,\"name\":\"Home\",\"item\":\"https:\/\/campinglaforetdumorvan.com\/\"},{\"@type\":\"ListItem\",\"position\":2,\"name\":\"Er zijn nog huurtenten beschikbaar\"}]},{\"@type\":\"WebSite\",\"@id\":\"https:\/\/campinglaforetdumorvan.com\/#website\",\"url\":\"https:\/\/campinglaforetdumorvan.com\/\",\"name\":\"Camping La For\u00eat du Morvan\",\"description\":\"Dans le sud de la Bourgogne\",\"publisher\":{\"@id\":\"https:\/\/campinglaforetdumorvan.com\/#organization\"},\"potentialAction\":[{\"@type\":\"SearchAction\",\"target\":{\"@type\":\"EntryPoint\",\"urlTemplate\":\"https:\/\/campinglaforetdumorvan.com\/?s={search_term_string}\"},\"query-input\":{\"@type\":\"PropertyValueSpecification\",\"valueRequired\":true,\"valueName\":\"search_term_string\"}}],\"inLanguage\":\"fr-FR\"},{\"@type\":\"Organization\",\"@id\":\"https:\/\/campinglaforetdumorvan.com\/#organization\",\"name\":\"Camping La For\u00eat du Morvan\",\"url\":\"https:\/\/campinglaforetdumorvan.com\/\",\"logo\":{\"@type\":\"ImageObject\",\"inLanguage\":\"fr-FR\",\"@id\":\"https:\/\/campinglaforetdumorvan.com\/#\/schema\/logo\/image\/\",\"url\":\"https:\/\/campinglaforetdumorvan.com\/wp-content\/uploads\/2021\/02\/Untitled-design-2022-12-29T114642.840.png\",\"contentUrl\":\"https:\/\/campinglaforetdumorvan.com\/wp-content\/uploads\/2021\/02\/Untitled-design-2022-12-29T114642.840.png\",\"width\":300,\"height\":300,\"caption\":\"Camping La For\u00eat du Morvan\"},\"image\":{\"@id\":\"https:\/\/campinglaforetdumorvan.com\/#\/schema\/logo\/image\/\"}},{\"@type\":\"Person\",\"@id\":\"https:\/\/campinglaforetdumorvan.com\/#\/schema\/person\/499e97fdb5abbf22249ff02e3fa2a136\",\"name\":\"Japkje Ine Koning\",\"image\":{\"@type\":\"ImageObject\",\"inLanguage\":\"fr-FR\",\"@id\":\"https:\/\/campinglaforetdumorvan.com\/#\/schema\/person\/image\/\",\"url\":\"https:\/\/secure.gravatar.com\/avatar\/924f400e2345dc21a1fc57cd991d1759f9608201a64b8d4d48e45771b14a1fcd?s=96&d=mm&r=g\",\"contentUrl\":\"https:\/\/secure.gravatar.com\/avatar\/924f400e2345dc21a1fc57cd991d1759f9608201a64b8d4d48e45771b14a1fcd?s=96&d=mm&r=g\",\"caption\":\"Japkje Ine Koning\"},\"url\":\"https:\/\/campinglaforetdumorvan.com\/fr\/author\/japkjeine\/\"}]}<\/script>\n<!-- \/ Yoast SEO plugin. -->","yoast_head_json":{"title":"Er zijn nog huurtenten beschikbaar vanaf 10 augustus 2022 | Camping La Foret du Morvan","description":"Wij hebben vanaf 10 augustus nog een aantal huurtenten beschikbaar! Maak dus snel uw reservering compleet en geniet van een heerlijk verblijf op onze camping.","robots":{"index":"index","follow":"follow","max-snippet":"max-snippet:-1","max-image-preview":"max-image-preview:large","max-video-preview":"max-video-preview:-1"},"canonical":"https:\/\/campinglaforetdumorvan.com\/fr\/last-minute-huurtenten-beschikbaar\/","og_locale":"fr_FR","og_type":"article","og_title":"Er zijn nog huurtenten beschikbaar vanaf 10 augustus 2022 | Camping La Foret du Morvan","og_description":"Wij hebben vanaf 10 augustus nog een aantal huurtenten beschikbaar! Maak dus snel uw reservering compleet en geniet van een heerlijk verblijf op onze camping.","og_url":"https:\/\/campinglaforetdumorvan.com\/fr\/last-minute-huurtenten-beschikbaar\/","og_site_name":"Camping La For\u00eat du Morvan","article_published_time":"2022-08-06T17:46:49+00:00","article_modified_time":"2023-06-08T07:57:00+00:00","og_image":[{"width":922,"height":692,"url":"https:\/\/campinglaforetdumorvan.com\/wp-content\/uploads\/2021\/02\/LaForet_Piramidetent.jpg","type":"image\/jpeg"}],"author":"Japkje Ine Koning","twitter_card":"summary_large_image","twitter_misc":{"\u00c9crit par":"Japkje Ine Koning","Dur\u00e9e de lecture estim\u00e9e":"1 minute"},"schema":{"@context":"https:\/\/schema.org","@graph":[{"@type":"Article","@id":"https:\/\/campinglaforetdumorvan.com\/last-minute-huurtenten-beschikbaar\/#article","isPartOf":{"@id":"https:\/\/campinglaforetdumorvan.com\/last-minute-huurtenten-beschikbaar\/"},"author":{"name":"Japkje Ine Koning","@id":"https:\/\/campinglaforetdumorvan.com\/#\/schema\/person\/499e97fdb5abbf22249ff02e3fa2a136"},"headline":"Er zijn nog huurtenten beschikbaar","datePublished":"2022-08-06T17:46:49+00:00","dateModified":"2023-06-08T07:57:00+00:00","mainEntityOfPage":{"@id":"https:\/\/campinglaforetdumorvan.com\/last-minute-huurtenten-beschikbaar\/"},"wordCount":45,"publisher":{"@id":"https:\/\/campinglaforetdumorvan.com\/#organization"},"image":{"@id":"https:\/\/campinglaforetdumorvan.com\/last-minute-huurtenten-beschikbaar\/#primaryimage"},"thumbnailUrl":"https:\/\/campinglaforetdumorvan.com\/wp-content\/uploads\/2021\/02\/LaForet_Piramidetent.jpg","articleSection":["Geen categorie"],"inLanguage":"fr-FR"},{"@type":"WebPage","@id":"https:\/\/campinglaforetdumorvan.com\/last-minute-huurtenten-beschikbaar\/","url":"https:\/\/campinglaforetdumorvan.com\/last-minute-huurtenten-beschikbaar\/","name":"Er zijn nog huurtenten beschikbaar vanaf 10 augustus 2022 | Camping La Foret du Morvan","isPartOf":{"@id":"https:\/\/campinglaforetdumorvan.com\/#website"},"primaryImageOfPage":{"@id":"https:\/\/campinglaforetdumorvan.com\/last-minute-huurtenten-beschikbaar\/#primaryimage"},"image":{"@id":"https:\/\/campinglaforetdumorvan.com\/last-minute-huurtenten-beschikbaar\/#primaryimage"},"thumbnailUrl":"https:\/\/campinglaforetdumorvan.com\/wp-content\/uploads\/2021\/02\/LaForet_Piramidetent.jpg","datePublished":"2022-08-06T17:46:49+00:00","dateModified":"2023-06-08T07:57:00+00:00","description":"Wij hebben vanaf 10 augustus nog een aantal huurtenten beschikbaar! Maak dus snel uw reservering compleet en geniet van een heerlijk verblijf op onze camping.","breadcrumb":{"@id":"https:\/\/campinglaforetdumorvan.com\/last-minute-huurtenten-beschikbaar\/#breadcrumb"},"inLanguage":"fr-FR","potentialAction":[{"@type":"ReadAction","target":["https:\/\/campinglaforetdumorvan.com\/last-minute-huurtenten-beschikbaar\/"]}]},{"@type":"ImageObject","inLanguage":"fr-FR","@id":"https:\/\/campinglaforetdumorvan.com\/last-minute-huurtenten-beschikbaar\/#primaryimage","url":"https:\/\/campinglaforetdumorvan.com\/wp-content\/uploads\/2021\/02\/LaForet_Piramidetent.jpg","contentUrl":"https:\/\/campinglaforetdumorvan.com\/wp-content\/uploads\/2021\/02\/LaForet_Piramidetent.jpg","width":922,"height":692},{"@type":"BreadcrumbList","@id":"https:\/\/campinglaforetdumorvan.com\/last-minute-huurtenten-beschikbaar\/#breadcrumb","itemListElement":[{"@type":"ListItem","position":1,"name":"Home","item":"https:\/\/campinglaforetdumorvan.com\/"},{"@type":"ListItem","position":2,"name":"Er zijn nog huurtenten beschikbaar"}]},{"@type":"WebSite","@id":"https:\/\/campinglaforetdumorvan.com\/#website","url":"https:\/\/campinglaforetdumorvan.com\/","name":"Camping La For\u00eat du Morvan","description":"Dans le sud de la Bourgogne","publisher":{"@id":"https:\/\/campinglaforetdumorvan.com\/#organization"},"potentialAction":[{"@type":"SearchAction","target":{"@type":"EntryPoint","urlTemplate":"https:\/\/campinglaforetdumorvan.com\/?s={search_term_string}"},"query-input":{"@type":"PropertyValueSpecification","valueRequired":true,"valueName":"search_term_string"}}],"inLanguage":"fr-FR"},{"@type":"Organization","@id":"https:\/\/campinglaforetdumorvan.com\/#organization","name":"Camping La For\u00eat du Morvan","url":"https:\/\/campinglaforetdumorvan.com\/","logo":{"@type":"ImageObject","inLanguage":"fr-FR","@id":"https:\/\/campinglaforetdumorvan.com\/#\/schema\/logo\/image\/","url":"https:\/\/campinglaforetdumorvan.com\/wp-content\/uploads\/2021\/02\/Untitled-design-2022-12-29T114642.840.png","contentUrl":"https:\/\/campinglaforetdumorvan.com\/wp-content\/uploads\/2021\/02\/Untitled-design-2022-12-29T114642.840.png","width":300,"height":300,"caption":"Camping La For\u00eat du Morvan"},"image":{"@id":"https:\/\/campinglaforetdumorvan.com\/#\/schema\/logo\/image\/"}},{"@type":"Person","@id":"https:\/\/campinglaforetdumorvan.com\/#\/schema\/person\/499e97fdb5abbf22249ff02e3fa2a136","name":"Japkje Ine Koning","image":{"@type":"ImageObject","inLanguage":"fr-FR","@id":"https:\/\/campinglaforetdumorvan.com\/#\/schema\/person\/image\/","url":"https:\/\/secure.gravatar.com\/avatar\/924f400e2345dc21a1fc57cd991d1759f9608201a64b8d4d48e45771b14a1fcd?s=96&d=mm&r=g","contentUrl":"https:\/\/secure.gravatar.com\/avatar\/924f400e2345dc21a1fc57cd991d1759f9608201a64b8d4d48e45771b14a1fcd?s=96&d=mm&r=g","caption":"Japkje Ine Koning"},"url":"https:\/\/campinglaforetdumorvan.com\/fr\/author\/japkjeine\/"}]}},"_links":{"self":[{"href":"https:\/\/campinglaforetdumorvan.com\/fr\/wp-json\/wp\/v2\/posts\/1331","targetHints":{"allow":["GET"]}}],"collection":[{"href":"https:\/\/campinglaforetdumorvan.com\/fr\/wp-json\/wp\/v2\/posts"}],"about":[{"href":"https:\/\/campinglaforetdumorvan.com\/fr\/wp-json\/wp\/v2\/types\/post"}],"author":[{"embeddable":true,"href":"https:\/\/campinglaforetdumorvan.com\/fr\/wp-json\/wp\/v2\/users\/3"}],"replies":[{"embeddable":true,"href":"https:\/\/campinglaforetdumorvan.com\/fr\/wp-json\/wp\/v2\/comments?post=1331"}],"version-history":[{"count":12,"href":"https:\/\/campinglaforetdumorvan.com\/fr\/wp-json\/wp\/v2\/posts\/1331\/revisions"}],"predecessor-version":[{"id":1525,"href":"https:\/\/campinglaforetdumorvan.com\/fr\/wp-json\/wp\/v2\/posts\/1331\/revisions\/1525"}],"wp:featuredmedia":[{"embeddable":true,"href":"https:\/\/campinglaforetdumorvan.com\/fr\/wp-json\/wp\/v2\/media\/361"}],"wp:attachment":[{"href":"https:\/\/campinglaforetdumorvan.com\/fr\/wp-json\/wp\/v2\/media?parent=1331"}],"wp:term":[{"taxonomy":"category","embeddable":true,"href":"https:\/\/campinglaforetdumorvan.com\/fr\/wp-json\/wp\/v2\/categories?post=1331"},{"taxonomy":"post_tag","embeddable":true,"href":"https:\/\/campinglaforetdumorvan.com\/fr\/wp-json\/wp\/v2\/tags?post=1331"}],"curies":[{"name":"wp","href":"https:\/\/api.w.org\/{rel}","templated":true}]}}